{"id":3473,"date":"2023-05-30T08:00:00","date_gmt":"2023-05-30T07:00:00","guid":{"rendered":"http:\/\/www.stadtdokumentation.de\/?p=3473"},"modified":"2023-06-05T15:58:46","modified_gmt":"2023-06-05T14:58:46","slug":"runde-31","status":"publish","type":"post","link":"http:\/\/www.stadtdokumentation.de\/?p=3473","title":{"rendered":"Runde 31"},"content":{"rendered":"\n<p>Drei Jahrzehnte Stadtdokumentation<\/p>\n\n\n\n<p>Ausstellungsdauer 5.6. &#8211; 8.7.2023<\/p>\n\n\n\n<p>\u00c3\u2013ffnungszeiten Mo-Fr 16-19 Uhr, Mo+Do 10-13 Uhr<\/p>\n\n\n\n<p>Runde Ecke im riesa efau, Adlergasse 12\/Ecke Wachsbleichstra\u00c3\u0178e, 01067 Dresden<\/p>\n\n\n\n<p><\/p>\n\n\n\n<p><\/p>\n\n\n\n<p>Unser mittlerweile 31j\u00c3\u00a4hriges Bestehen als AG Stadtdokumentation feiern wir in diesem Jahr gleich mit drei Ausstellungen.<br \/>Bildete die Pr\u00c3\u00a4sentation im Januar in der Zentralbibliothek einen kleinen und nicht repr\u00c3\u00a4sentativen Einblick in unsere Stadtfotografie aus den letzten 31 Jahren, so widmete sich die zweite Ausstellung im Fr\u00c3\u00bchjahr in der KulturSchlosserei der neuen Architektur undnden mit ihr in den letzten Jahren entstandenen bzw. tiefgreifend umgestalteten Stadtr\u00c3\u00a4umen, die die Sicht auf die Stadt doch vielfach<br \/>sehr ver\u00c3\u00a4ndern. Mit den nun im riesa efau gezeigten Aufnahmen erweitern wir die Perspektive ein weiteres Mal.<\/p>\n\n\n\n<p>Alle drei Ausstellungen verbindet allerdings unser grunds\u00c3\u00a4tzlicher Ansatz, der darin zum Ausdruck kommt, dass sich unsere Fotografie in der Regel jenseits klassischer Dresdner Stadtansichten bewegt. Der sogenannte \u00e2\u20ac\u017eCanaletto-Blick\u00e2\u20ac\u0153 hat uns nie wirklich interessiert, denn uns reizt eher der \u00e2\u20ac\u201c durchaus auch verfremdende und individuell gef\u00c3\u00a4rbte \u00e2\u20ac\u201c Blick auf Dresden.<\/p>\n\n\n\n<p>Mit dieser im riesa efau \u00e2\u20ac\u201c unserem Domizil seit nunmehr 31 Jahren \u00e2\u20ac\u201c zu sehenden Ausstellung wollen wir in gewisser Hinsicht ein Panoptikum unserer Arbeiten aus drei Jahrzehnten zeigen. Letztlich bilden die hier pr\u00c3\u00a4sentierten Aufnahmen nur einen Bruchteil der in dieser langen Zeit entstandenen Arbeiten. Nichtsdestotrotz stellen sie den Versuch dar, einen Querschnitt unserer Themen und der unterschiedlichen Herangehensweisen und \u00e2\u20ac\u017eHandschriften\u00e2\u20ac\u0153 der Fotograf*innen, die in dieser langen Zeit im Rahmen der AG aktiv waren, in einer Ausstellung zusammenzufassen.<\/p>\n\n\n\n<figure class=\"wp-block-image size-large\"><a href=\"http:\/\/www.stadtdokumentation.de\/wp-content\/uploads\/2023\/05\/AG_Ausstellung_Bilder-FB-02.jpg\"><img loading=\"lazy\" decoding=\"async\" width=\"1024\" height=\"1024\" src=\"http:\/\/www.stadtdokumentation.de\/wp-content\/uploads\/2023\/05\/AG_Ausstellung_Bilder-FB-02-1024x1024.jpg\" alt=\"\" class=\"wp-image-3474\" srcset=\"http:\/\/www.stadtdokumentation.de\/wp-content\/uploads\/2023\/05\/AG_Ausstellung_Bilder-FB-02-1024x1024.jpg 1024w, http:\/\/www.stadtdokumentation.de\/wp-content\/uploads\/2023\/05\/AG_Ausstellung_Bilder-FB-02-300x300.jpg 300w, http:\/\/www.stadtdokumentation.de\/wp-content\/uploads\/2023\/05\/AG_Ausstellung_Bilder-FB-02-150x150.jpg 150w, http:\/\/www.stadtdokumentation.de\/wp-content\/uploads\/2023\/05\/AG_Ausstellung_Bilder-FB-02-768x768.jpg 768w, http:\/\/www.stadtdokumentation.de\/wp-content\/uploads\/2023\/05\/AG_Ausstellung_Bilder-FB-02-1536x1536.jpg 1536w, http:\/\/www.stadtdokumentation.de\/wp-content\/uploads\/2023\/05\/AG_Ausstellung_Bilder-FB-02.jpg 2048w\" sizes=\"auto, (max-width: 1024px) 100vw, 1024px\" \/><\/a><\/figure>\n","protected":false},"excerpt":{"rendered":"<p>Drei Jahrzehnte Stadtdokumentation Ausstellungsdauer 5.6. &#8211; 8.7.2023 \u00c3\u2013ffnungszeiten Mo-Fr 16-19 Uhr, Mo+Do 10-13 Uhr Runde Ecke im riesa efau, Adlergasse 12\/Ecke Wachsbleichstra\u00c3\u0178e, 01067 Dresden Unser mittlerweile 31j\u00c3\u00a4hriges Bestehen als AG Stadtdokumentation feiern wir in diesem Jahr gleich mit drei Ausstellungen.Bildete die Pr\u00c3\u00a4sentation im Januar in der Zentralbibliothek einen kleinen und nicht repr\u00c3\u00a4sentativen Einblick in unsere [&hellip;]<\/p>\n","protected":false},"author":20,"featured_media":0,"comment_status":"open","ping_status":"closed","sticky":false,"template":"","format":"standard","meta":{"footnotes":""},"categories":[1],"tags":[],"class_list":["post-3473","post","type-post","status-publish","format-standard","hentry","category-allgemein"],"_links":{"self":[{"href":"http:\/\/www.stadtdokumentation.de\/index.php?rest_route=\/wp\/v2\/posts\/3473","targetHints":{"allow":["GET"]}}],"collection":[{"href":"http:\/\/www.stadtdokumentation.de\/index.php?rest_route=\/wp\/v2\/posts"}],"about":[{"href":"http:\/\/www.stadtdokumentation.de\/index.php?rest_route=\/wp\/v2\/types\/post"}],"author":[{"embeddable":true,"href":"http:\/\/www.stadtdokumentation.de\/index.php?rest_route=\/wp\/v2\/users\/20"}],"replies":[{"embeddable":true,"href":"http:\/\/www.stadtdokumentation.de\/index.php?rest_route=%2Fwp%2Fv2%2Fcomments&post=3473"}],"version-history":[{"count":5,"href":"http:\/\/www.stadtdokumentation.de\/index.php?rest_route=\/wp\/v2\/posts\/3473\/revisions"}],"predecessor-version":[{"id":3481,"href":"http:\/\/www.stadtdokumentation.de\/index.php?rest_route=\/wp\/v2\/posts\/3473\/revisions\/3481"}],"wp:attachment":[{"href":"http:\/\/www.stadtdokumentation.de\/index.php?rest_route=%2Fwp%2Fv2%2Fmedia&parent=3473"}],"wp:term":[{"taxonomy":"category","embeddable":true,"href":"http:\/\/www.stadtdokumentation.de\/index.php?rest_route=%2Fwp%2Fv2%2Fcategories&post=3473"},{"taxonomy":"post_tag","embeddable":true,"href":"http:\/\/www.stadtdokumentation.de\/index.php?rest_route=%2Fwp%2Fv2%2Ftags&post=3473"}],"curies":[{"name":"wp","href":"https:\/\/api.w.org\/{rel}","templated":true}]}}